{"id":2160,"date":"2026-01-21T18:12:21","date_gmt":"2026-01-21T17:12:21","guid":{"rendered":"https:\/\/atep-france.fr\/fr\/?p=2160"},"modified":"2026-01-21T18:12:21","modified_gmt":"2026-01-21T17:12:21","slug":"quelles-sont-les-attentes-des-francais-en-matiere-de-gestion-locale-de-leau","status":"publish","type":"post","link":"https:\/\/atep-france.fr\/fr\/quelles-sont-les-attentes-des-francais-en-matiere-de-gestion-locale-de-leau\/","title":{"rendered":"QUELLES SONT LES ATTENTES DES FRAN\u00c7AIS EN MATI\u00c8RE DE GESTION LOCALE DE L\u2019EAU ?"},"content":{"rendered":"<p style=\"text-align: right;\"><strong>Rennes, 21 janvier 2026, carrefour des gestions locales de l\u2019eau<\/strong><\/p>\n<p>&nbsp;<\/p>\n<p><strong>Communiqu\u00e9 de presse<\/strong><\/p>\n<h2><strong>QUELLES SONT LES ATTENTES DES FRAN\u00c7AIS EN MATI\u00c8RE DE GESTION LOCALE DE L\u2019EAU ?<\/strong><\/h2>\n<p>&nbsp;<\/p>\n<h3><strong>R\u00e9v\u00e9lation de l\u2019enqu\u00eate exclusive r\u00e9alis\u00e9e aupr\u00e8s de 1 000 Fran\u00e7ais<\/strong><\/h3>\n<blockquote>\n<p style=\"text-align: justify;\"><strong><em>\u00c0 l\u2019occasion du Carrefour des Gestions Locales de l\u2019Eau (CGLE), l\u2019ATEP \u2013 Acteurs du Traitement des Eaux<br \/>\nde la Parcelle \u2013 d\u00e9voile les r\u00e9sultats d\u2019une enqu\u00eate nationale men\u00e9e aupr\u00e8s de 1 000 Fran\u00e7ais et de plus de 200<br \/>\n\u00e9lus et agents de collectivit\u00e9s locales. Si la gestion de l\u2019eau est d\u00e9sormais identifi\u00e9e comme une priorit\u00e9 partag\u00e9e,<br \/>\nl\u2019\u00e9tude r\u00e9v\u00e8le un enjeu cl\u00e9 : passer d\u2019une prise de conscience g\u00e9n\u00e9ralis\u00e9e \u00e0 des actions concr\u00e8tes et durables sur<br \/>\nles territoires.<\/em><\/strong><\/p>\n<\/blockquote>\n<hr \/>\n<h4>Une priorit\u00e9 clairement affirm\u00e9e par les collectivit\u00e9s<\/h4>\n<h4>Les Fran\u00e7ais sont-ils pr\u00eats \u00e0 agir ?<\/h4>\n<h4>Les usages de bon sens plebiscit\u00e9s par les Fran\u00e7ais<\/h4>\n<h4>\u00c9conomie d\u2019eau, les Fran\u00e7ais se disent d\u00e9j\u00e0 tr\u00e8s engag\u00e9s !<\/h4>\n<h4>R\u00e9cup\u00e9ration de l\u2019eau de pluie &#8230; le bon sens est au rendez-vous<\/h4>\n<h4>Les Fran\u00e7ais sont-ils pr\u00eats \u00e0 payer ?<\/h4>\n<h4>Focus : Quelles attentes pour les habitants du Nord-Ouest ?<\/h4>\n<h4>Bretagne, une r\u00e9gion d\u00e9j\u00e0 en action pour r\u00e9pondre aux enjeux de gestion des eaux<\/h4>\n<p>&nbsp;<\/p>\n<p><a href=\"https:\/\/atep-france.fr\/fr\/wp-content\/uploads\/2026\/01\/CP-ATEP-V7.pdf\" target=\"_blank\" rel=\"noopener\"><img loading=\"lazy\" decoding=\"async\" class=\"alignleft wp-image-2164 size-medium\" src=\"https:\/\/atep-france.fr\/fr\/wp-content\/uploads\/2026\/01\/CP-ATEP-V7-1-225x300.jpg\" alt=\"\" width=\"225\" height=\"300\" srcset=\"https:\/\/atep-france.fr\/fr\/wp-content\/uploads\/2026\/01\/CP-ATEP-V7-1-225x300.jpg 225w, https:\/\/atep-france.fr\/fr\/wp-content\/uploads\/2026\/01\/CP-ATEP-V7-1.jpg 595w\" sizes=\"auto, (max-width: 225px) 100vw, 225px\" \/><\/a><\/p>\n<p>&nbsp;<\/p>\n<p>T\u00e9l\u00e9chargez le communiqu\u00e9 de presse :<\/p>\n<p><strong><a href=\"https:\/\/atep-france.fr\/fr\/wp-content\/uploads\/2026\/01\/CP-ATEP-V7.pdf\" target=\"_blank\" rel=\"noopener\">QUELLES SONT LES ATTENTES DES FRAN\u00c7AIS EN MATI\u00c8RE DE GESTION LOCALE DE L\u2019EAU ?<\/a><\/strong><\/p>\n<p><strong>R\u00e9v\u00e9lation de l\u2019enqu\u00eate exclusive r\u00e9alis\u00e9e aupr\u00e8s de 1 000 Fran\u00e7ais<\/strong><\/p>\n<p>&nbsp;<\/p>\n<p>&nbsp;<\/p>\n<p>&nbsp;<\/p>\n<hr \/>\n<pre><em>COMMUNIQUE DE PRESSE \u00a9 ATEP\r\n<\/em>QUELLES SONT LES ATTENTES DES FRAN\u00c7AIS EN MATI\u00c8RE DE GESTION LOCALE DE L\u2019EAU ?\r\nR\u00e9v\u00e9lation de l\u2019enqu\u00eate r\u00e9alis\u00e9e aupr\u00e8s de 1000 Fran\u00e7ais.<\/pre>\n","protected":false},"excerpt":{"rendered":"<p>Rennes, 21 janvier 2026, carrefour des gestions locales de l\u2019eau &nbsp; Communiqu\u00e9 de presse QUELLES SONT LES ATTENTES DES FRAN\u00c7AIS EN MATI\u00c8RE DE GESTION LOCALE DE L\u2019EAU ? &nbsp; R\u00e9v\u00e9lation de l\u2019enqu\u00eate exclusive r\u00e9alis\u00e9e aupr\u00e8s de 1 000 Fran\u00e7ais \u00c0 l\u2019occasion du Carrefour des Gestions Locales de l\u2019Eau (CGLE), l\u2019ATEP \u2013 Acteurs du Traitement des&hellip; <br \/> <a class=\"read-more\" href=\"https:\/\/atep-france.fr\/fr\/quelles-sont-les-attentes-des-francais-en-matiere-de-gestion-locale-de-leau\/\">Lire la suite<\/a><\/p>\n","protected":false},"author":1,"featured_media":2163,"comment_status":"closed","ping_status":"open","sticky":false,"template":"","format":"standard","meta":{"_jetpack_memberships_contains_paid_content":false,"footnotes":""},"categories":[3],"tags":[552,727,729,728,730],"class_list":["post-2160","post","type-post","status-publish","format-standard","has-post-thumbnail","hentry","category-communiques-de-presse","tag-carrefour-des-gestions-locales-de-leau","tag-invitation-presse","tag-quelles-sont-les-attentes-des-francais-en-matiere-de-gestion-locale-de-leau","tag-rennes-21-janvier-2026","tag-revelation-de-lenquete-realisee-aupres-de-1000-francais-et-focus-sur-les-habitants-du-grand-ouest"],"jetpack_featured_media_url":"https:\/\/atep-france.fr\/fr\/wp-content\/uploads\/2026\/01\/CP-ATEP-V7-1-.jpg","jetpack_sharing_enabled":true,"_links":{"self":[{"href":"https:\/\/atep-france.fr\/fr\/wp-json\/wp\/v2\/posts\/2160","targetHints":{"allow":["GET"]}}],"collection":[{"href":"https:\/\/atep-france.fr\/fr\/wp-json\/wp\/v2\/posts"}],"about":[{"href":"https:\/\/atep-france.fr\/fr\/wp-json\/wp\/v2\/types\/post"}],"author":[{"embeddable":true,"href":"https:\/\/atep-france.fr\/fr\/wp-json\/wp\/v2\/users\/1"}],"replies":[{"embeddable":true,"href":"https:\/\/atep-france.fr\/fr\/wp-json\/wp\/v2\/comments?post=2160"}],"version-history":[{"count":1,"href":"https:\/\/atep-france.fr\/fr\/wp-json\/wp\/v2\/posts\/2160\/revisions"}],"predecessor-version":[{"id":2165,"href":"https:\/\/atep-france.fr\/fr\/wp-json\/wp\/v2\/posts\/2160\/revisions\/2165"}],"wp:featuredmedia":[{"embeddable":true,"href":"https:\/\/atep-france.fr\/fr\/wp-json\/wp\/v2\/media\/2163"}],"wp:attachment":[{"href":"https:\/\/atep-france.fr\/fr\/wp-json\/wp\/v2\/media?parent=2160"}],"wp:term":[{"taxonomy":"category","embeddable":true,"href":"https:\/\/atep-france.fr\/fr\/wp-json\/wp\/v2\/categories?post=2160"},{"taxonomy":"post_tag","embeddable":true,"href":"https:\/\/atep-france.fr\/fr\/wp-json\/wp\/v2\/tags?post=2160"}],"curies":[{"name":"wp","href":"https:\/\/api.w.org\/{rel}","templated":true}]}}